{"id":2804,"date":"2023-07-06T13:48:52","date_gmt":"2023-07-06T11:48:52","guid":{"rendered":"https:\/\/petrzalka.sk\/plavaren\/?p=2804"},"modified":"2023-07-06T13:48:52","modified_gmt":"2023-07-06T11:48:52","slug":"petrzalsku-plavaren-caka-letna-odstavka-potrva-do-6-augusta","status":"publish","type":"post","link":"https:\/\/petrzalka.sk\/plavaren\/petrzalsku-plavaren-caka-letna-odstavka-potrva-do-6-augusta\/","title":{"rendered":"Petr\u017ealsk\u00fa plav\u00e1re\u0148 \u010dak\u00e1 letn\u00e1 odst\u00e1vka, potrv\u00e1 do 6. augusta"},"content":{"rendered":"<p>Aj v roku 2023 prebehne v priestoroch Petr\u017ealskej plav\u00e1rne tradi\u010dn\u00e1 <strong>letn\u00e1 odst\u00e1vka<\/strong>. Jej za\u010diatok je pl\u00e1novan\u00fd na 17. j\u00fala, potrv\u00e1 do 6. augusta.<\/p>\n<p><strong>Na \u010do odst\u00e1vka (povinn\u00e1 zo z\u00e1kona) posl\u00fa\u017ei?<\/strong><\/p>\n<ul>\n<li>h\u013abkov\u00e1 \u00fadr\u017eba plav\u00e1rne a \u010distenie baz\u00e9nov<\/li>\n<li>obnova plaveck\u00fdch dr\u00e1h<\/li>\n<li>\u010distenie povrchov plav\u00e1rne<\/li>\n<li>v\u00fdmena po\u0161kodenej dla\u017eby<\/li>\n<li>oprava silik\u00f3nov\u00fdch tesnen\u00ed v sprch\u00e1ch a na toalet\u00e1ch<\/li>\n<li>\u00faprava vstupnej haly<\/li>\n<li>\u00faprava baz\u00e9novej technol\u00f3gie<\/li>\n<\/ul>\n<p>Plav\u00e1re\u0148 bude pre v\u00e1s po odst\u00e1vke op\u00e4tovne <strong>k dispoz\u00edcii od 7. augusta<\/strong>. \u010eakujeme za pochopenie a te\u0161\u00edme sa na va\u0161u bud\u00facu n\u00e1v\u0161tevu.<\/p>\n","protected":false},"excerpt":{"rendered":"<p>Aj v roku 2023 prebehne v priestoroch Petr\u017ealskej plav\u00e1rne tradi\u010dn\u00e1 letn\u00e1 odst\u00e1vka. Jej za\u010diatok je pl\u00e1novan\u00fd na 17. j\u00fala, potrv\u00e1 do 6. augusta. Na \u010do odst\u00e1vka (povinn\u00e1 zo z\u00e1kona) posl\u00fa\u017ei? h\u013abkov\u00e1 \u00fadr\u017eba plav\u00e1rne a \u010distenie baz\u00e9nov obnova plaveck\u00fdch dr\u00e1h \u010distenie povrchov plav\u00e1rne v\u00fdmena po\u0161kodenej dla\u017eby oprava silik\u00f3nov\u00fdch tesnen\u00ed v sprch\u00e1ch a na toalet\u00e1ch \u00faprava vstupnej [&hellip;]<\/p>\n","protected":false},"author":3,"featured_media":2805,"comment_status":"open","ping_status":"open","sticky":false,"template":"","format":"standard","meta":{"_acf_changed":false,"footnotes":""},"categories":[1],"tags":[10],"class_list":["post-2804","post","type-post","status-publish","format-standard","has-post-thumbnail","hentry","category-uncategorized","tag-swimming-pool","szp_sports-plavanie"],"acf":[],"yoast_head":"<!-- This site is optimized with the Yoast SEO plugin v27.5 - https:\/\/yoast.com\/product\/yoast-seo-wordpress\/ -->\n<title>Petr\u017ealsk\u00fa plav\u00e1re\u0148 \u010dak\u00e1 letn\u00e1 odst\u00e1vka, potrv\u00e1 do 6. augusta - PETR\u017dALSK\u00c1 PLAV\u00c1RE\u0147<\/title>\n<meta name=\"robots\" content=\"index, follow, max-snippet:-1, max-image-preview:large, max-video-preview:-1\" \/>\n<link rel=\"canonical\" href=\"https:\/\/petrzalka.sk\/plavaren\/petrzalsku-plavaren-caka-letna-odstavka-potrva-do-6-augusta\/\" \/>\n<meta property=\"og:locale\" content=\"en_US\" \/>\n<meta property=\"og:type\" content=\"article\" \/>\n<meta property=\"og:title\" content=\"Petr\u017ealsk\u00fa plav\u00e1re\u0148 \u010dak\u00e1 letn\u00e1 odst\u00e1vka, potrv\u00e1 do 6. augusta - PETR\u017dALSK\u00c1 PLAV\u00c1RE\u0147\" \/>\n<meta property=\"og:description\" content=\"Aj v roku 2023 prebehne v priestoroch Petr\u017ealskej plav\u00e1rne tradi\u010dn\u00e1 letn\u00e1 odst\u00e1vka. Jej za\u010diatok je pl\u00e1novan\u00fd na 17. j\u00fala, potrv\u00e1 do 6. augusta. Na \u010do odst\u00e1vka (povinn\u00e1 zo z\u00e1kona) posl\u00fa\u017ei? h\u013abkov\u00e1 \u00fadr\u017eba plav\u00e1rne a \u010distenie baz\u00e9nov obnova plaveck\u00fdch dr\u00e1h \u010distenie povrchov plav\u00e1rne v\u00fdmena po\u0161kodenej dla\u017eby oprava silik\u00f3nov\u00fdch tesnen\u00ed v sprch\u00e1ch a na toalet\u00e1ch \u00faprava vstupnej [&hellip;]\" \/>\n<meta property=\"og:url\" content=\"https:\/\/petrzalka.sk\/plavaren\/petrzalsku-plavaren-caka-letna-odstavka-potrva-do-6-augusta\/\" \/>\n<meta property=\"og:site_name\" content=\"PETR\u017dALSK\u00c1 PLAV\u00c1RE\u0147\" \/>\n<meta property=\"article:published_time\" content=\"2023-07-06T11:48:52+00:00\" \/>\n<meta property=\"og:image\" content=\"https:\/\/petrzalka.sk\/plavaren\/wp-content\/uploads\/2023\/07\/plavaren_oznam_letna_odstavka_2022-1-1024x1024.png\" \/>\n\t<meta property=\"og:image:width\" content=\"1024\" \/>\n\t<meta property=\"og:image:height\" content=\"1024\" \/>\n\t<meta property=\"og:image:type\" content=\"image\/png\" \/>\n<meta name=\"author\" content=\"Jozef Ryb\u00e1r\" \/>\n<meta name=\"twitter:card\" content=\"summary_large_image\" \/>\n<meta name=\"twitter:label1\" content=\"Written by\" \/>\n\t<meta name=\"twitter:data1\" content=\"Jozef Ryb\u00e1r\" \/>\n\t<meta name=\"twitter:label2\" content=\"Est. reading time\" \/>\n\t<meta name=\"twitter:data2\" content=\"1 minute\" \/>\n<script type=\"application\/ld+json\" class=\"yoast-schema-graph\">{\"@context\":\"https:\\\/\\\/schema.org\",\"@graph\":[{\"@type\":\"Article\",\"@id\":\"https:\\\/\\\/petrzalka.sk\\\/plavaren\\\/petrzalsku-plavaren-caka-letna-odstavka-potrva-do-6-augusta\\\/#article\",\"isPartOf\":{\"@id\":\"https:\\\/\\\/petrzalka.sk\\\/plavaren\\\/petrzalsku-plavaren-caka-letna-odstavka-potrva-do-6-augusta\\\/\"},\"author\":{\"name\":\"Jozef Ryb\u00e1r\",\"@id\":\"https:\\\/\\\/petrzalka.sk\\\/plavaren\\\/#\\\/schema\\\/person\\\/9483cde05e760f15f1e6600247dbf7ac\"},\"headline\":\"Petr\u017ealsk\u00fa plav\u00e1re\u0148 \u010dak\u00e1 letn\u00e1 odst\u00e1vka, potrv\u00e1 do 6. augusta\",\"datePublished\":\"2023-07-06T11:48:52+00:00\",\"mainEntityOfPage\":{\"@id\":\"https:\\\/\\\/petrzalka.sk\\\/plavaren\\\/petrzalsku-plavaren-caka-letna-odstavka-potrva-do-6-augusta\\\/\"},\"wordCount\":124,\"commentCount\":0,\"image\":{\"@id\":\"https:\\\/\\\/petrzalka.sk\\\/plavaren\\\/petrzalsku-plavaren-caka-letna-odstavka-potrva-do-6-augusta\\\/#primaryimage\"},\"thumbnailUrl\":\"https:\\\/\\\/petrzalka.sk\\\/plavaren\\\/wp-content\\\/uploads\\\/2023\\\/07\\\/plavaren_oznam_letna_odstavka_2022-1.png\",\"keywords\":[\"Swimming Pool\"],\"inLanguage\":\"en-US\",\"potentialAction\":[{\"@type\":\"CommentAction\",\"name\":\"Comment\",\"target\":[\"https:\\\/\\\/petrzalka.sk\\\/plavaren\\\/petrzalsku-plavaren-caka-letna-odstavka-potrva-do-6-augusta\\\/#respond\"]}]},{\"@type\":\"WebPage\",\"@id\":\"https:\\\/\\\/petrzalka.sk\\\/plavaren\\\/petrzalsku-plavaren-caka-letna-odstavka-potrva-do-6-augusta\\\/\",\"url\":\"https:\\\/\\\/petrzalka.sk\\\/plavaren\\\/petrzalsku-plavaren-caka-letna-odstavka-potrva-do-6-augusta\\\/\",\"name\":\"Petr\u017ealsk\u00fa plav\u00e1re\u0148 \u010dak\u00e1 letn\u00e1 odst\u00e1vka, potrv\u00e1 do 6. augusta - PETR\u017dALSK\u00c1 PLAV\u00c1RE\u0147\",\"isPartOf\":{\"@id\":\"https:\\\/\\\/petrzalka.sk\\\/plavaren\\\/#website\"},\"primaryImageOfPage\":{\"@id\":\"https:\\\/\\\/petrzalka.sk\\\/plavaren\\\/petrzalsku-plavaren-caka-letna-odstavka-potrva-do-6-augusta\\\/#primaryimage\"},\"image\":{\"@id\":\"https:\\\/\\\/petrzalka.sk\\\/plavaren\\\/petrzalsku-plavaren-caka-letna-odstavka-potrva-do-6-augusta\\\/#primaryimage\"},\"thumbnailUrl\":\"https:\\\/\\\/petrzalka.sk\\\/plavaren\\\/wp-content\\\/uploads\\\/2023\\\/07\\\/plavaren_oznam_letna_odstavka_2022-1.png\",\"datePublished\":\"2023-07-06T11:48:52+00:00\",\"author\":{\"@id\":\"https:\\\/\\\/petrzalka.sk\\\/plavaren\\\/#\\\/schema\\\/person\\\/9483cde05e760f15f1e6600247dbf7ac\"},\"breadcrumb\":{\"@id\":\"https:\\\/\\\/petrzalka.sk\\\/plavaren\\\/petrzalsku-plavaren-caka-letna-odstavka-potrva-do-6-augusta\\\/#breadcrumb\"},\"inLanguage\":\"en-US\",\"potentialAction\":[{\"@type\":\"ReadAction\",\"target\":[\"https:\\\/\\\/petrzalka.sk\\\/plavaren\\\/petrzalsku-plavaren-caka-letna-odstavka-potrva-do-6-augusta\\\/\"]}]},{\"@type\":\"ImageObject\",\"inLanguage\":\"en-US\",\"@id\":\"https:\\\/\\\/petrzalka.sk\\\/plavaren\\\/petrzalsku-plavaren-caka-letna-odstavka-potrva-do-6-augusta\\\/#primaryimage\",\"url\":\"https:\\\/\\\/petrzalka.sk\\\/plavaren\\\/wp-content\\\/uploads\\\/2023\\\/07\\\/plavaren_oznam_letna_odstavka_2022-1.png\",\"contentUrl\":\"https:\\\/\\\/petrzalka.sk\\\/plavaren\\\/wp-content\\\/uploads\\\/2023\\\/07\\\/plavaren_oznam_letna_odstavka_2022-1.png\",\"width\":2500,\"height\":2500},{\"@type\":\"BreadcrumbList\",\"@id\":\"https:\\\/\\\/petrzalka.sk\\\/plavaren\\\/petrzalsku-plavaren-caka-letna-odstavka-potrva-do-6-augusta\\\/#breadcrumb\",\"itemListElement\":[{\"@type\":\"ListItem\",\"position\":1,\"name\":\"\",\"item\":\"https:\\\/\\\/petrzalka.sk\\\/plavaren\\\/\"},{\"@type\":\"ListItem\",\"position\":2,\"name\":\"Petr\u017ealsk\u00fa plav\u00e1re\u0148 \u010dak\u00e1 letn\u00e1 odst\u00e1vka, potrv\u00e1 do 6. augusta\"}]},{\"@type\":\"WebSite\",\"@id\":\"https:\\\/\\\/petrzalka.sk\\\/plavaren\\\/#website\",\"url\":\"https:\\\/\\\/petrzalka.sk\\\/plavaren\\\/\",\"name\":\"PETR\u017dALSK\u00c1 PLAV\u00c1RE\u0147\",\"description\":\"Ofici\u00e1lny web verejnej plav\u00e1rne mestskej \u010dasti Bratislava-Petr\u017ealka.\",\"potentialAction\":[{\"@type\":\"SearchAction\",\"target\":{\"@type\":\"EntryPoint\",\"urlTemplate\":\"https:\\\/\\\/petrzalka.sk\\\/plavaren\\\/?s={search_term_string}\"},\"query-input\":{\"@type\":\"PropertyValueSpecification\",\"valueRequired\":true,\"valueName\":\"search_term_string\"}}],\"inLanguage\":\"en-US\"},{\"@type\":\"Person\",\"@id\":\"https:\\\/\\\/petrzalka.sk\\\/plavaren\\\/#\\\/schema\\\/person\\\/9483cde05e760f15f1e6600247dbf7ac\",\"name\":\"Jozef Ryb\u00e1r\",\"image\":{\"@type\":\"ImageObject\",\"inLanguage\":\"en-US\",\"@id\":\"https:\\\/\\\/secure.gravatar.com\\\/avatar\\\/f2cc2b7f831e1e20c2943ea5c99db1819eef46d42f422f90fd61ace7b10e7b5d?s=96&d=mm&r=g\",\"url\":\"https:\\\/\\\/secure.gravatar.com\\\/avatar\\\/f2cc2b7f831e1e20c2943ea5c99db1819eef46d42f422f90fd61ace7b10e7b5d?s=96&d=mm&r=g\",\"contentUrl\":\"https:\\\/\\\/secure.gravatar.com\\\/avatar\\\/f2cc2b7f831e1e20c2943ea5c99db1819eef46d42f422f90fd61ace7b10e7b5d?s=96&d=mm&r=g\",\"caption\":\"Jozef Ryb\u00e1r\"},\"url\":\"https:\\\/\\\/petrzalka.sk\\\/plavaren\\\/author\\\/jozefrybar\\\/\"}]}<\/script>\n<!-- \/ Yoast SEO plugin. -->","yoast_head_json":{"title":"Petr\u017ealsk\u00fa plav\u00e1re\u0148 \u010dak\u00e1 letn\u00e1 odst\u00e1vka, potrv\u00e1 do 6. augusta - PETR\u017dALSK\u00c1 PLAV\u00c1RE\u0147","robots":{"index":"index","follow":"follow","max-snippet":"max-snippet:-1","max-image-preview":"max-image-preview:large","max-video-preview":"max-video-preview:-1"},"canonical":"https:\/\/petrzalka.sk\/plavaren\/petrzalsku-plavaren-caka-letna-odstavka-potrva-do-6-augusta\/","og_locale":"en_US","og_type":"article","og_title":"Petr\u017ealsk\u00fa plav\u00e1re\u0148 \u010dak\u00e1 letn\u00e1 odst\u00e1vka, potrv\u00e1 do 6. augusta - PETR\u017dALSK\u00c1 PLAV\u00c1RE\u0147","og_description":"Aj v roku 2023 prebehne v priestoroch Petr\u017ealskej plav\u00e1rne tradi\u010dn\u00e1 letn\u00e1 odst\u00e1vka. Jej za\u010diatok je pl\u00e1novan\u00fd na 17. j\u00fala, potrv\u00e1 do 6. augusta. Na \u010do odst\u00e1vka (povinn\u00e1 zo z\u00e1kona) posl\u00fa\u017ei? h\u013abkov\u00e1 \u00fadr\u017eba plav\u00e1rne a \u010distenie baz\u00e9nov obnova plaveck\u00fdch dr\u00e1h \u010distenie povrchov plav\u00e1rne v\u00fdmena po\u0161kodenej dla\u017eby oprava silik\u00f3nov\u00fdch tesnen\u00ed v sprch\u00e1ch a na toalet\u00e1ch \u00faprava vstupnej [&hellip;]","og_url":"https:\/\/petrzalka.sk\/plavaren\/petrzalsku-plavaren-caka-letna-odstavka-potrva-do-6-augusta\/","og_site_name":"PETR\u017dALSK\u00c1 PLAV\u00c1RE\u0147","article_published_time":"2023-07-06T11:48:52+00:00","og_image":[{"width":1024,"height":1024,"url":"https:\/\/petrzalka.sk\/plavaren\/wp-content\/uploads\/2023\/07\/plavaren_oznam_letna_odstavka_2022-1-1024x1024.png","type":"image\/png"}],"author":"Jozef Ryb\u00e1r","twitter_card":"summary_large_image","twitter_misc":{"Written by":"Jozef Ryb\u00e1r","Est. reading time":"1 minute"},"schema":{"@context":"https:\/\/schema.org","@graph":[{"@type":"Article","@id":"https:\/\/petrzalka.sk\/plavaren\/petrzalsku-plavaren-caka-letna-odstavka-potrva-do-6-augusta\/#article","isPartOf":{"@id":"https:\/\/petrzalka.sk\/plavaren\/petrzalsku-plavaren-caka-letna-odstavka-potrva-do-6-augusta\/"},"author":{"name":"Jozef Ryb\u00e1r","@id":"https:\/\/petrzalka.sk\/plavaren\/#\/schema\/person\/9483cde05e760f15f1e6600247dbf7ac"},"headline":"Petr\u017ealsk\u00fa plav\u00e1re\u0148 \u010dak\u00e1 letn\u00e1 odst\u00e1vka, potrv\u00e1 do 6. augusta","datePublished":"2023-07-06T11:48:52+00:00","mainEntityOfPage":{"@id":"https:\/\/petrzalka.sk\/plavaren\/petrzalsku-plavaren-caka-letna-odstavka-potrva-do-6-augusta\/"},"wordCount":124,"commentCount":0,"image":{"@id":"https:\/\/petrzalka.sk\/plavaren\/petrzalsku-plavaren-caka-letna-odstavka-potrva-do-6-augusta\/#primaryimage"},"thumbnailUrl":"https:\/\/petrzalka.sk\/plavaren\/wp-content\/uploads\/2023\/07\/plavaren_oznam_letna_odstavka_2022-1.png","keywords":["Swimming Pool"],"inLanguage":"en-US","potentialAction":[{"@type":"CommentAction","name":"Comment","target":["https:\/\/petrzalka.sk\/plavaren\/petrzalsku-plavaren-caka-letna-odstavka-potrva-do-6-augusta\/#respond"]}]},{"@type":"WebPage","@id":"https:\/\/petrzalka.sk\/plavaren\/petrzalsku-plavaren-caka-letna-odstavka-potrva-do-6-augusta\/","url":"https:\/\/petrzalka.sk\/plavaren\/petrzalsku-plavaren-caka-letna-odstavka-potrva-do-6-augusta\/","name":"Petr\u017ealsk\u00fa plav\u00e1re\u0148 \u010dak\u00e1 letn\u00e1 odst\u00e1vka, potrv\u00e1 do 6. augusta - PETR\u017dALSK\u00c1 PLAV\u00c1RE\u0147","isPartOf":{"@id":"https:\/\/petrzalka.sk\/plavaren\/#website"},"primaryImageOfPage":{"@id":"https:\/\/petrzalka.sk\/plavaren\/petrzalsku-plavaren-caka-letna-odstavka-potrva-do-6-augusta\/#primaryimage"},"image":{"@id":"https:\/\/petrzalka.sk\/plavaren\/petrzalsku-plavaren-caka-letna-odstavka-potrva-do-6-augusta\/#primaryimage"},"thumbnailUrl":"https:\/\/petrzalka.sk\/plavaren\/wp-content\/uploads\/2023\/07\/plavaren_oznam_letna_odstavka_2022-1.png","datePublished":"2023-07-06T11:48:52+00:00","author":{"@id":"https:\/\/petrzalka.sk\/plavaren\/#\/schema\/person\/9483cde05e760f15f1e6600247dbf7ac"},"breadcrumb":{"@id":"https:\/\/petrzalka.sk\/plavaren\/petrzalsku-plavaren-caka-letna-odstavka-potrva-do-6-augusta\/#breadcrumb"},"inLanguage":"en-US","potentialAction":[{"@type":"ReadAction","target":["https:\/\/petrzalka.sk\/plavaren\/petrzalsku-plavaren-caka-letna-odstavka-potrva-do-6-augusta\/"]}]},{"@type":"ImageObject","inLanguage":"en-US","@id":"https:\/\/petrzalka.sk\/plavaren\/petrzalsku-plavaren-caka-letna-odstavka-potrva-do-6-augusta\/#primaryimage","url":"https:\/\/petrzalka.sk\/plavaren\/wp-content\/uploads\/2023\/07\/plavaren_oznam_letna_odstavka_2022-1.png","contentUrl":"https:\/\/petrzalka.sk\/plavaren\/wp-content\/uploads\/2023\/07\/plavaren_oznam_letna_odstavka_2022-1.png","width":2500,"height":2500},{"@type":"BreadcrumbList","@id":"https:\/\/petrzalka.sk\/plavaren\/petrzalsku-plavaren-caka-letna-odstavka-potrva-do-6-augusta\/#breadcrumb","itemListElement":[{"@type":"ListItem","position":1,"name":"","item":"https:\/\/petrzalka.sk\/plavaren\/"},{"@type":"ListItem","position":2,"name":"Petr\u017ealsk\u00fa plav\u00e1re\u0148 \u010dak\u00e1 letn\u00e1 odst\u00e1vka, potrv\u00e1 do 6. augusta"}]},{"@type":"WebSite","@id":"https:\/\/petrzalka.sk\/plavaren\/#website","url":"https:\/\/petrzalka.sk\/plavaren\/","name":"PETR\u017dALSK\u00c1 PLAV\u00c1RE\u0147","description":"Ofici\u00e1lny web verejnej plav\u00e1rne mestskej \u010dasti Bratislava-Petr\u017ealka.","potentialAction":[{"@type":"SearchAction","target":{"@type":"EntryPoint","urlTemplate":"https:\/\/petrzalka.sk\/plavaren\/?s={search_term_string}"},"query-input":{"@type":"PropertyValueSpecification","valueRequired":true,"valueName":"search_term_string"}}],"inLanguage":"en-US"},{"@type":"Person","@id":"https:\/\/petrzalka.sk\/plavaren\/#\/schema\/person\/9483cde05e760f15f1e6600247dbf7ac","name":"Jozef Ryb\u00e1r","image":{"@type":"ImageObject","inLanguage":"en-US","@id":"https:\/\/secure.gravatar.com\/avatar\/f2cc2b7f831e1e20c2943ea5c99db1819eef46d42f422f90fd61ace7b10e7b5d?s=96&d=mm&r=g","url":"https:\/\/secure.gravatar.com\/avatar\/f2cc2b7f831e1e20c2943ea5c99db1819eef46d42f422f90fd61ace7b10e7b5d?s=96&d=mm&r=g","contentUrl":"https:\/\/secure.gravatar.com\/avatar\/f2cc2b7f831e1e20c2943ea5c99db1819eef46d42f422f90fd61ace7b10e7b5d?s=96&d=mm&r=g","caption":"Jozef Ryb\u00e1r"},"url":"https:\/\/petrzalka.sk\/plavaren\/author\/jozefrybar\/"}]}},"_links":{"self":[{"href":"https:\/\/petrzalka.sk\/plavaren\/wp-json\/wp\/v2\/posts\/2804","targetHints":{"allow":["GET"]}}],"collection":[{"href":"https:\/\/petrzalka.sk\/plavaren\/wp-json\/wp\/v2\/posts"}],"about":[{"href":"https:\/\/petrzalka.sk\/plavaren\/wp-json\/wp\/v2\/types\/post"}],"author":[{"embeddable":true,"href":"https:\/\/petrzalka.sk\/plavaren\/wp-json\/wp\/v2\/users\/3"}],"replies":[{"embeddable":true,"href":"https:\/\/petrzalka.sk\/plavaren\/wp-json\/wp\/v2\/comments?post=2804"}],"version-history":[{"count":1,"href":"https:\/\/petrzalka.sk\/plavaren\/wp-json\/wp\/v2\/posts\/2804\/revisions"}],"predecessor-version":[{"id":2806,"href":"https:\/\/petrzalka.sk\/plavaren\/wp-json\/wp\/v2\/posts\/2804\/revisions\/2806"}],"wp:featuredmedia":[{"embeddable":true,"href":"https:\/\/petrzalka.sk\/plavaren\/wp-json\/wp\/v2\/media\/2805"}],"wp:attachment":[{"href":"https:\/\/petrzalka.sk\/plavaren\/wp-json\/wp\/v2\/media?parent=2804"}],"wp:term":[{"taxonomy":"category","embeddable":true,"href":"https:\/\/petrzalka.sk\/plavaren\/wp-json\/wp\/v2\/categories?post=2804"},{"taxonomy":"post_tag","embeddable":true,"href":"https:\/\/petrzalka.sk\/plavaren\/wp-json\/wp\/v2\/tags?post=2804"}],"curies":[{"name":"wp","href":"https:\/\/api.w.org\/{rel}","templated":true}]}}